{"id":1778,"date":"2019-01-08T17:12:35","date_gmt":"2019-01-08T16:12:35","guid":{"rendered":"http:\/\/aemped.org\/?p=1778"},"modified":"2019-01-20T23:43:30","modified_gmt":"2019-01-20T22:43:30","slug":"jornada-de-debate-sobre-la-enfermeria-pediatrica","status":"publish","type":"post","link":"https:\/\/aemped.org\/?p=1778","title":{"rendered":"Jornada de debate sobre Enfermer\u00eda Pedi\u00e1trica"},"content":{"rendered":"<p>El pr\u00f3ximo <strong>23 de Enero a las 16:30 h<\/strong> tendr\u00e1 lugar en el sal\u00f3n de actos del CODEM una <strong>Jornada de debate sobre Enfermer\u00eda Pedi\u00e1trica<\/strong>.<\/p>\n<p>Se trata de una Jornada en la que estar\u00e1n invitados varios profesionales que atienden a la poblaci\u00f3n infanto-juvenil y en la que se hablar\u00e1 sobre la situaci\u00f3n de la profesi\u00f3n. El objetivo de esta Jornada es invitar a los asistentes a la reflexi\u00f3n sobre el punto en que se encuentra la enfermer\u00eda pedi\u00e1trica y generar debate sobre la misma.<\/p>\n<p>La Jornada contar\u00e1 con dos mesas redondas: una dedicada a la parte asistencial, donde estar\u00e1n presentes enfermeros de los diferentes \u00e1mbitos de atenci\u00f3n; y otra enfocada a la especialidad, compuesta por residentes y especialistas de enfermer\u00eda pedi\u00e1trica.<\/p>\n<p>La din\u00e1mica de la jornada consistir\u00e1 en que el moderador plantear\u00e1 una serie de cuestiones a los ponentes y \u00e9stos debatir\u00e1n sobre las mismas. Posteriormente el debate se abrir\u00e1 al resto de asistentes mediante un turno de preguntas a la mesa.\u00a0Los temas a tratar en la jornada est\u00e1n abiertos a cualquier sugerencia, por lo que los interesados en ello pueden ponerse en contacto con la asociaci\u00f3n.<\/p>\n<p>La <strong>asistencia es gratuita hasta completar aforo<\/strong> y no es necesario inscripci\u00f3n.<\/p>\n<p>Para cualquier consulta o propuesta pod\u00e9is escribir a\u00a0<a href=\"mailto:comunicacion@aemped.org\">comunicacion@aemped.org<\/a><\/p>\n<p>&nbsp;<\/p>\n<p><a href=\"https:\/\/aemped.org\/wp-content\/uploads\/2019\/01\/Jornada-de-debate_-Enfermeria-Pediatrica-web.jpg\"><img loading=\"lazy\" decoding=\"async\" class=\"aligncenter size-medium wp-image-1787\" src=\"https:\/\/aemped.org\/wp-content\/uploads\/2019\/01\/Jornada-de-debate_-Enfermeria-Pediatrica-web-212x300.jpg\" alt=\"\" width=\"212\" height=\"300\" srcset=\"https:\/\/aemped.org\/wp-content\/uploads\/2019\/01\/Jornada-de-debate_-Enfermeria-Pediatrica-web-212x300.jpg 212w, https:\/\/aemped.org\/wp-content\/uploads\/2019\/01\/Jornada-de-debate_-Enfermeria-Pediatrica-web-768x1087.jpg 768w, https:\/\/aemped.org\/wp-content\/uploads\/2019\/01\/Jornada-de-debate_-Enfermeria-Pediatrica-web-724x1024.jpg 724w, https:\/\/aemped.org\/wp-content\/uploads\/2019\/01\/Jornada-de-debate_-Enfermeria-Pediatrica-web-900x1273.jpg 900w\" sizes=\"auto, (max-width: 212px) 100vw, 212px\" \/><\/a><a href=\"https:\/\/aemped.org\/wp-content\/uploads\/2019\/01\/Jornada-de-debate_-Enfermeria-Pediatrica-programa-web-1-2.jpg\"><img loading=\"lazy\" decoding=\"async\" class=\"aligncenter size-medium wp-image-1797\" src=\"https:\/\/aemped.org\/wp-content\/uploads\/2019\/01\/Jornada-de-debate_-Enfermeria-Pediatrica-programa-web-1-2-212x300.jpg\" alt=\"\" width=\"212\" height=\"300\" srcset=\"https:\/\/aemped.org\/wp-content\/uploads\/2019\/01\/Jornada-de-debate_-Enfermeria-Pediatrica-programa-web-1-2-212x300.jpg 212w, https:\/\/aemped.org\/wp-content\/uploads\/2019\/01\/Jornada-de-debate_-Enfermeria-Pediatrica-programa-web-1-2-768x1087.jpg 768w, https:\/\/aemped.org\/wp-content\/uploads\/2019\/01\/Jornada-de-debate_-Enfermeria-Pediatrica-programa-web-1-2-724x1024.jpg 724w, https:\/\/aemped.org\/wp-content\/uploads\/2019\/01\/Jornada-de-debate_-Enfermeria-Pediatrica-programa-web-1-2-900x1273.jpg 900w\" sizes=\"auto, (max-width: 212px) 100vw, 212px\" \/><\/a><a href=\"https:\/\/aemped.org\/wp-content\/uploads\/2019\/01\/Jornada-de-debate_-Enfermeria-Pediatrica-web.jpg\"><\/a><\/p>\n<p>&nbsp;<\/p>\n","protected":false},"excerpt":{"rendered":"<p>El pr\u00f3ximo 23 de Enero a las 16:30 h tendr\u00e1 lugar en el sal\u00f3n de actos del CODEM una Jornada de debate sobre Enfermer\u00eda Pedi\u00e1trica. Se trata de una Jornada en la que estar\u00e1n invitados varios profesionales que atienden a la poblaci\u00f3n infanto-juvenil y en la que se hablar\u00e1 sobre la situaci\u00f3n de la profesi\u00f3n. [&hellip;]<\/p>\n","protected":false},"author":2,"featured_media":1793,"comment_status":"closed","ping_status":"closed","sticky":false,"template":"","format":"standard","meta":{"site-sidebar-layout":"default","site-content-layout":"","ast-site-content-layout":"default","site-content-style":"default","site-sidebar-style":"default","ast-global-header-display":"","ast-banner-title-visibility":"","ast-main-header-display":"","ast-hfb-above-header-display":"","ast-hfb-below-header-display":"","ast-hfb-mobile-header-display":"","site-post-title":"","ast-breadcrumbs-content":"","ast-featured-img":"","footer-sml-layout":"","ast-disable-related-posts":"","theme-transparent-header-meta":"","adv-header-id-meta":"","stick-header-meta":"","header-above-stick-meta":"","header-main-stick-meta":"","header-below-stick-meta":"","astra-migrate-meta-layouts":"default","ast-page-background-enabled":"default","ast-page-background-meta":{"desktop":{"background-color":"","background-image":"","background-repeat":"repeat","background-position":"center center","background-size":"auto","background-attachment":"scroll","background-type":"","background-media":"","overlay-type":"","overlay-color":"","overlay-opacity":"","overlay-gradient":""},"tablet":{"background-color":"","background-image":"","background-repeat":"repeat","background-position":"center center","background-size":"auto","background-attachment":"scroll","background-type":"","background-media":"","overlay-type":"","overlay-color":"","overlay-opacity":"","overlay-gradient":""},"mobile":{"background-color":"","background-image":"","background-repeat":"repeat","background-position":"center center","background-size":"auto","background-attachment":"scroll","background-type":"","background-media":"","overlay-type":"","overlay-color":"","overlay-opacity":"","overlay-gradient":""}},"ast-content-background-meta":{"desktop":{"background-color":"var(--ast-global-color-5)","background-image":"","background-repeat":"repeat","background-position":"center center","background-size":"auto","background-attachment":"scroll","background-type":"","background-media":"","overlay-type":"","overlay-color":"","overlay-opacity":"","overlay-gradient":""},"tablet":{"background-color":"var(--ast-global-color-5)","background-image":"","background-repeat":"repeat","background-position":"center center","background-size":"auto","background-attachment":"scroll","background-type":"","background-media":"","overlay-type":"","overlay-color":"","overlay-opacity":"","overlay-gradient":""},"mobile":{"background-color":"var(--ast-global-color-5)","background-image":"","background-repeat":"repeat","background-position":"center center","background-size":"auto","background-attachment":"scroll","background-type":"","background-media":"","overlay-type":"","overlay-color":"","overlay-opacity":"","overlay-gradient":""}},"footnotes":"","_links_to":"","_links_to_target":""},"categories":[1,6],"tags":[],"class_list":["post-1778","post","type-post","status-publish","format-standard","has-post-thumbnail","hentry","category-noticias","category-profesionales"],"_links":{"self":[{"href":"https:\/\/aemped.org\/index.php?rest_route=\/wp\/v2\/posts\/1778","targetHints":{"allow":["GET"]}}],"collection":[{"href":"https:\/\/aemped.org\/index.php?rest_route=\/wp\/v2\/posts"}],"about":[{"href":"https:\/\/aemped.org\/index.php?rest_route=\/wp\/v2\/types\/post"}],"author":[{"embeddable":true,"href":"https:\/\/aemped.org\/index.php?rest_route=\/wp\/v2\/users\/2"}],"replies":[{"embeddable":true,"href":"https:\/\/aemped.org\/index.php?rest_route=%2Fwp%2Fv2%2Fcomments&post=1778"}],"version-history":[{"count":8,"href":"https:\/\/aemped.org\/index.php?rest_route=\/wp\/v2\/posts\/1778\/revisions"}],"predecessor-version":[{"id":1798,"href":"https:\/\/aemped.org\/index.php?rest_route=\/wp\/v2\/posts\/1778\/revisions\/1798"}],"wp:featuredmedia":[{"embeddable":true,"href":"https:\/\/aemped.org\/index.php?rest_route=\/wp\/v2\/media\/1793"}],"wp:attachment":[{"href":"https:\/\/aemped.org\/index.php?rest_route=%2Fwp%2Fv2%2Fmedia&parent=1778"}],"wp:term":[{"taxonomy":"category","embeddable":true,"href":"https:\/\/aemped.org\/index.php?rest_route=%2Fwp%2Fv2%2Fcategories&post=1778"},{"taxonomy":"post_tag","embeddable":true,"href":"https:\/\/aemped.org\/index.php?rest_route=%2Fwp%2Fv2%2Ftags&post=1778"}],"curies":[{"name":"wp","href":"https:\/\/api.w.org\/{rel}","templated":true}]}}