{"id":1723,"date":"2017-12-01T11:21:25","date_gmt":"2017-12-01T10:21:25","guid":{"rendered":"http:\/\/aemped.org\/?p=1723"},"modified":"2018-02-12T11:40:07","modified_gmt":"2018-02-12T10:40:07","slug":"cnadep-2018","status":"publish","type":"post","link":"https:\/\/aemped.org\/?p=1723","title":{"rendered":"CNADEP 2018"},"content":{"rendered":"<p>Tenemos el placer de presentar el <strong>II Congreso Nacional de Asociaciones de Enfermer\u00eda Pedi\u00e1trica<\/strong>, el cual AEMPed forma parte del Comit\u00e9 Organizador y Cient\u00edfico. Las distintas Asociaciones de Enfermer\u00eda Pedi\u00e1trica de Espa\u00f1a se han unido para organizar este encuentro que tendr\u00e1 lugar\u00a0los d\u00edas 24, 25 y 26 de mayo en Santander y\u00a0tiene como lema \u201cImpulso para crecer\u201d.<\/p>\n<p>Ser\u00e1 un espacio en el que poder compartir conocimientos, experiencia e inquietudes respecto a la Enfermer\u00eda Pedi\u00e1trica y servir\u00e1 como foro para la consolidaci\u00f3n de la Federaci\u00f3n de Asociaciones de Enfermer\u00eda Pedi\u00e1trica.<\/p>\n<p>El contenido cient\u00edfico se compone de\u00a0ponencias, conferencias, simposios, coloquios y mesas redondas; adem\u00e1s de una serie de talleres pr\u00e1cticos de gran inter\u00e9s para los profesionales dedicados a este \u00e1rea de la enfermer\u00eda.<\/p>\n<p>Est\u00e1is todos invitados a participar en este evento que, sin duda, tendr\u00e1 gran importancia en el futuro de nuestra especialidad. Para la <strong>presentaci\u00f3n de trabajos<\/strong>\u00a0se debe enviar un resumen a trav\u00e9s de la p\u00e1gina web <strong>antes del 24 de febrero del 2018<\/strong>.<\/p>\n<p>Pod\u00e9is visitar la p\u00e1gina web en el siguiente enlace:\u00a0<a href=\"http:\/\/www.cnadep.org\/\" target=\"_blank\" rel=\"noopener\">www.cnadep.org<\/a><\/p>\n<p>&nbsp;<\/p>\n","protected":false},"excerpt":{"rendered":"<p>Tenemos el placer de presentar el II Congreso Nacional de Asociaciones de Enfermer\u00eda Pedi\u00e1trica, el cual AEMPed forma parte del Comit\u00e9 Organizador y Cient\u00edfico. Las distintas Asociaciones de Enfermer\u00eda Pedi\u00e1trica de Espa\u00f1a se han unido para organizar este encuentro que tendr\u00e1 lugar\u00a0los d\u00edas 24, 25 y 26 de mayo en Santander y\u00a0tiene como lema \u201cImpulso [&hellip;]<\/p>\n","protected":false},"author":2,"featured_media":1724,"comment_status":"closed","ping_status":"closed","sticky":false,"template":"","format":"standard","meta":{"site-sidebar-layout":"default","site-content-layout":"","ast-site-content-layout":"default","site-content-style":"default","site-sidebar-style":"default","ast-global-header-display":"","ast-banner-title-visibility":"","ast-main-header-display":"","ast-hfb-above-header-display":"","ast-hfb-below-header-display":"","ast-hfb-mobile-header-display":"","site-post-title":"","ast-breadcrumbs-content":"","ast-featured-img":"","footer-sml-layout":"","ast-disable-related-posts":"","theme-transparent-header-meta":"","adv-header-id-meta":"","stick-header-meta":"","header-above-stick-meta":"","header-main-stick-meta":"","header-below-stick-meta":"","astra-migrate-meta-layouts":"default","ast-page-background-enabled":"default","ast-page-background-meta":{"desktop":{"background-color":"","background-image":"","background-repeat":"repeat","background-position":"center center","background-size":"auto","background-attachment":"scroll","background-type":"","background-media":"","overlay-type":"","overlay-color":"","overlay-opacity":"","overlay-gradient":""},"tablet":{"background-color":"","background-image":"","background-repeat":"repeat","background-position":"center center","background-size":"auto","background-attachment":"scroll","background-type":"","background-media":"","overlay-type":"","overlay-color":"","overlay-opacity":"","overlay-gradient":""},"mobile":{"background-color":"","background-image":"","background-repeat":"repeat","background-position":"center center","background-size":"auto","background-attachment":"scroll","background-type":"","background-media":"","overlay-type":"","overlay-color":"","overlay-opacity":"","overlay-gradient":""}},"ast-content-background-meta":{"desktop":{"background-color":"var(--ast-global-color-5)","background-image":"","background-repeat":"repeat","background-position":"center center","background-size":"auto","background-attachment":"scroll","background-type":"","background-media":"","overlay-type":"","overlay-color":"","overlay-opacity":"","overlay-gradient":""},"tablet":{"background-color":"var(--ast-global-color-5)","background-image":"","background-repeat":"repeat","background-position":"center center","background-size":"auto","background-attachment":"scroll","background-type":"","background-media":"","overlay-type":"","overlay-color":"","overlay-opacity":"","overlay-gradient":""},"mobile":{"background-color":"var(--ast-global-color-5)","background-image":"","background-repeat":"repeat","background-position":"center center","background-size":"auto","background-attachment":"scroll","background-type":"","background-media":"","overlay-type":"","overlay-color":"","overlay-opacity":"","overlay-gradient":""}},"footnotes":"","_links_to":"","_links_to_target":""},"categories":[1,6],"tags":[],"class_list":["post-1723","post","type-post","status-publish","format-standard","has-post-thumbnail","hentry","category-noticias","category-profesionales"],"_links":{"self":[{"href":"https:\/\/aemped.org\/index.php?rest_route=\/wp\/v2\/posts\/1723","targetHints":{"allow":["GET"]}}],"collection":[{"href":"https:\/\/aemped.org\/index.php?rest_route=\/wp\/v2\/posts"}],"about":[{"href":"https:\/\/aemped.org\/index.php?rest_route=\/wp\/v2\/types\/post"}],"author":[{"embeddable":true,"href":"https:\/\/aemped.org\/index.php?rest_route=\/wp\/v2\/users\/2"}],"replies":[{"embeddable":true,"href":"https:\/\/aemped.org\/index.php?rest_route=%2Fwp%2Fv2%2Fcomments&post=1723"}],"version-history":[{"count":3,"href":"https:\/\/aemped.org\/index.php?rest_route=\/wp\/v2\/posts\/1723\/revisions"}],"predecessor-version":[{"id":1727,"href":"https:\/\/aemped.org\/index.php?rest_route=\/wp\/v2\/posts\/1723\/revisions\/1727"}],"wp:featuredmedia":[{"embeddable":true,"href":"https:\/\/aemped.org\/index.php?rest_route=\/wp\/v2\/media\/1724"}],"wp:attachment":[{"href":"https:\/\/aemped.org\/index.php?rest_route=%2Fwp%2Fv2%2Fmedia&parent=1723"}],"wp:term":[{"taxonomy":"category","embeddable":true,"href":"https:\/\/aemped.org\/index.php?rest_route=%2Fwp%2Fv2%2Fcategories&post=1723"},{"taxonomy":"post_tag","embeddable":true,"href":"https:\/\/aemped.org\/index.php?rest_route=%2Fwp%2Fv2%2Ftags&post=1723"}],"curies":[{"name":"wp","href":"https:\/\/api.w.org\/{rel}","templated":true}]}}