{"id":1719,"date":"2017-11-10T14:24:35","date_gmt":"2017-11-10T13:24:35","guid":{"rendered":"http:\/\/aemped.org\/?p=1719"},"modified":"2017-11-18T11:13:06","modified_gmt":"2017-11-18T10:13:06","slug":"hackaton-social-visto-y-no-visto","status":"publish","type":"post","link":"https:\/\/aemped.org\/?p=1719","title":{"rendered":"Hackaton Social \u00abVisto y no visto\u00bb"},"content":{"rendered":"<p>Fundaci\u00f3n TECSOS y Cruz Roja Juventud est\u00e1n trabajando en el evento llamado\u00a0Hackaton Social \u00abVisto y no visto\u00bb. Se trata de una actividad en la que trabajando en grupos formados por profesionales, familias y ni\u00f1as y ni\u00f1os, buscaran ideas que mejoren la estancia hospitalaria infantil. Dicho evento contar\u00e1 con un premio a la idea m\u00e1s chula y aplicable.<\/p>\n<p>El evento se desarrollar\u00e1 los d\u00edas 1 y 2 de diciembre en la sede de Vodafone, sita en Avda. de Am\u00e9rica 115.<\/p>\n<p>Tienes toda la informaci\u00f3n en el siguiente <a href=\"http:\/\/www.cruzrojajuventud.org\/principal\/web\/cruz-roja-juventud\/vr-infancia-hospitalizada-hackaton\" target=\"_blank\" rel=\"noopener\">enlace.<\/a><\/p>\n<p><a href=\"https:\/\/aemped.org\/wp-content\/uploads\/2017\/11\/Hackaton.jpg\"><img loading=\"lazy\" decoding=\"async\" class=\"aligncenter size-medium wp-image-1721\" src=\"https:\/\/aemped.org\/wp-content\/uploads\/2017\/11\/Hackaton-217x300.jpg\" alt=\"\" width=\"217\" height=\"300\" srcset=\"https:\/\/aemped.org\/wp-content\/uploads\/2017\/11\/Hackaton-217x300.jpg 217w, https:\/\/aemped.org\/wp-content\/uploads\/2017\/11\/Hackaton.jpg 632w\" sizes=\"auto, (max-width: 217px) 100vw, 217px\" \/><\/a><\/p>\n<p>&nbsp;<\/p>\n","protected":false},"excerpt":{"rendered":"<p>Fundaci\u00f3n TECSOS y Cruz Roja Juventud est\u00e1n trabajando en el evento llamado\u00a0Hackaton Social \u00abVisto y no visto\u00bb. Se trata de una actividad en la que trabajando en grupos formados por profesionales, familias y ni\u00f1as y ni\u00f1os, buscaran ideas que mejoren la estancia hospitalaria infantil. Dicho evento contar\u00e1 con un premio a la idea m\u00e1s chula [&hellip;]<\/p>\n","protected":false},"author":2,"featured_media":1720,"comment_status":"closed","ping_status":"closed","sticky":false,"template":"","format":"standard","meta":{"site-sidebar-layout":"default","site-content-layout":"","ast-site-content-layout":"default","site-content-style":"default","site-sidebar-style":"default","ast-global-header-display":"","ast-banner-title-visibility":"","ast-main-header-display":"","ast-hfb-above-header-display":"","ast-hfb-below-header-display":"","ast-hfb-mobile-header-display":"","site-post-title":"","ast-breadcrumbs-content":"","ast-featured-img":"","footer-sml-layout":"","ast-disable-related-posts":"","theme-transparent-header-meta":"","adv-header-id-meta":"","stick-header-meta":"","header-above-stick-meta":"","header-main-stick-meta":"","header-below-stick-meta":"","astra-migrate-meta-layouts":"default","ast-page-background-enabled":"default","ast-page-background-meta":{"desktop":{"background-color":"","background-image":"","background-repeat":"repeat","background-position":"center center","background-size":"auto","background-attachment":"scroll","background-type":"","background-media":"","overlay-type":"","overlay-color":"","overlay-opacity":"","overlay-gradient":""},"tablet":{"background-color":"","background-image":"","background-repeat":"repeat","background-position":"center center","background-size":"auto","background-attachment":"scroll","background-type":"","background-media":"","overlay-type":"","overlay-color":"","overlay-opacity":"","overlay-gradient":""},"mobile":{"background-color":"","background-image":"","background-repeat":"repeat","background-position":"center center","background-size":"auto","background-attachment":"scroll","background-type":"","background-media":"","overlay-type":"","overlay-color":"","overlay-opacity":"","overlay-gradient":""}},"ast-content-background-meta":{"desktop":{"background-color":"var(--ast-global-color-5)","background-image":"","background-repeat":"repeat","background-position":"center center","background-size":"auto","background-attachment":"scroll","background-type":"","background-media":"","overlay-type":"","overlay-color":"","overlay-opacity":"","overlay-gradient":""},"tablet":{"background-color":"var(--ast-global-color-5)","background-image":"","background-repeat":"repeat","background-position":"center center","background-size":"auto","background-attachment":"scroll","background-type":"","background-media":"","overlay-type":"","overlay-color":"","overlay-opacity":"","overlay-gradient":""},"mobile":{"background-color":"var(--ast-global-color-5)","background-image":"","background-repeat":"repeat","background-position":"center center","background-size":"auto","background-attachment":"scroll","background-type":"","background-media":"","overlay-type":"","overlay-color":"","overlay-opacity":"","overlay-gradient":""}},"footnotes":"","_links_to":"","_links_to_target":""},"categories":[7,1,6],"tags":[],"class_list":["post-1719","post","type-post","status-publish","format-standard","has-post-thumbnail","hentry","category-familias","category-noticias","category-profesionales"],"_links":{"self":[{"href":"https:\/\/aemped.org\/index.php?rest_route=\/wp\/v2\/posts\/1719","targetHints":{"allow":["GET"]}}],"collection":[{"href":"https:\/\/aemped.org\/index.php?rest_route=\/wp\/v2\/posts"}],"about":[{"href":"https:\/\/aemped.org\/index.php?rest_route=\/wp\/v2\/types\/post"}],"author":[{"embeddable":true,"href":"https:\/\/aemped.org\/index.php?rest_route=\/wp\/v2\/users\/2"}],"replies":[{"embeddable":true,"href":"https:\/\/aemped.org\/index.php?rest_route=%2Fwp%2Fv2%2Fcomments&post=1719"}],"version-history":[{"count":1,"href":"https:\/\/aemped.org\/index.php?rest_route=\/wp\/v2\/posts\/1719\/revisions"}],"predecessor-version":[{"id":1722,"href":"https:\/\/aemped.org\/index.php?rest_route=\/wp\/v2\/posts\/1719\/revisions\/1722"}],"wp:featuredmedia":[{"embeddable":true,"href":"https:\/\/aemped.org\/index.php?rest_route=\/wp\/v2\/media\/1720"}],"wp:attachment":[{"href":"https:\/\/aemped.org\/index.php?rest_route=%2Fwp%2Fv2%2Fmedia&parent=1719"}],"wp:term":[{"taxonomy":"category","embeddable":true,"href":"https:\/\/aemped.org\/index.php?rest_route=%2Fwp%2Fv2%2Fcategories&post=1719"},{"taxonomy":"post_tag","embeddable":true,"href":"https:\/\/aemped.org\/index.php?rest_route=%2Fwp%2Fv2%2Ftags&post=1719"}],"curies":[{"name":"wp","href":"https:\/\/api.w.org\/{rel}","templated":true}]}}